{"id":10381,"date":"2023-07-19T09:33:04","date_gmt":"2023-07-19T09:33:04","guid":{"rendered":"https:\/\/jetflo.com\/jetting-off-to-ibiza-with-jetflo-bombardier-challenger-350\/"},"modified":"2023-07-23T17:21:26","modified_gmt":"2023-07-23T17:21:26","slug":"en_route_pour_ibiza","status":"publish","type":"post","link":"https:\/\/jetflo.com\/fr\/en_route_pour_ibiza\/","title":{"rendered":"En route pour Ibiza avec JetFlo"},"content":{"rendered":"<div class=\"RichText3-paragraph--withVSpacingNormal RichText3-paragraph Typography Typography--m\">\n<div class=\"RichText3-paragraph--withVSpacingNormal RichText3-paragraph Typography Typography--m\">Dans le monde rapide de la fintech, le succ\u00e8s arrive souvent \u00e0 un rythme \u00e9poustouflant. En tant que cofondateur d&rsquo;une startup en pleine croissance, je me suis retrouv\u00e9 au c\u0153ur de ce tourbillon exaltant. Aussi, lorsque l&rsquo;occasion s&rsquo;est pr\u00e9sent\u00e9e de faire une pause, je l&rsquo;ai saisie avec empressement. La destination ?<strong><a href=\"https:\/\/jetflo.com\/destinations\/ibiza\/?lang=fr\" target=\"_blank\" rel=\"noopener\"> L&rsquo;\u00eele d&rsquo;Ibiza<\/a>,<\/strong> baign\u00e9e de soleil et de promesse de nuits rythm\u00e9es. Le moyen de transport ? Un jet priv\u00e9, avec l&rsquo;aimable collaboration de JetFlo.<\/div>\n<div class=\"RichText3-paragraph--withVSpacingNormal RichText3-paragraph Typography Typography--m\"><\/div>\n<div class=\"RichText3-paragraph--withVSpacingNormal RichText3-paragraph Typography Typography--m\">D\u00e8s le d\u00e9part, JetFlo a rendu les choses incroyablement faciles. La commodit\u00e9 a commenc\u00e9 avec le d\u00e9part de l&rsquo;a\u00e9roport de Farnborough, un paradis de l&rsquo;aviation priv\u00e9e \u00e0 Londres. D\u00e8s que mes trois amis et moi-m\u00eame sommes arriv\u00e9s, nous avons \u00e9t\u00e9 soumis \u00e0 une proc\u00e9dure d&rsquo;enregistrement rapide et efficace.<\/div>\n<div class=\"RichText3-paragraph--withVSpacingNormal RichText3-paragraph Typography Typography--m\"><\/div>\n<div class=\"RichText3-paragraph--withVSpacingNormal RichText3-paragraph Typography Typography--m\">Nous nous sommes rendus \u00e0 Ibiza \u00e0 bord du <strong><a href=\"https:\/\/jetflo.com\/charters\/bombardier-challenger-350\/?lang=fr\" target=\"_blank\" rel=\"noopener\">Challenger 350<\/a><\/strong>, un avion con\u00e7u par Bombardier, qui incarne le confort, la modernit\u00e9 et le style &#8211; il semble parfait pour les vols de longue dur\u00e9e en Europe. La cabine \u00e9tait l&rsquo;endroit id\u00e9al pour terminer quelques derniers emails professionnels et pour faire une r\u00e9union rapide sur Teams \u00e0 laquelle j&rsquo;ai \u00e9t\u00e9 convi\u00e9 \u00e0 la derni\u00e8re minute (Dieu merci pour le service Wi-Fi super rapide). Le travail a toutefois \u00e9t\u00e9 vite oubli\u00e9 lorsque nous sommes pass\u00e9s en mode vacances. JetFlo semble avoir un sixi\u00e8me sens pour r\u00e9pondre \u00e0 nos besoins.<\/div>\n<div class=\"RichText3-paragraph--withVSpacingNormal RichText3-paragraph Typography Typography--m\"><\/div>\n<div class=\"RichText3-paragraph--withVSpacingNormal RichText3-paragraph Typography Typography--m\">Leurs services sur mesure ont transform\u00e9 notre vol en une f\u00eate des sens. Des cocktails artisanaux et des plats gastronomiques issus d&rsquo;un menu \u00e9toil\u00e9 au Michelin ont rapidement fait leur apparition, transformant notre voyage en un d\u00e9but pr\u00e9coce des festivit\u00e9s d&rsquo;Ibiza. Alors que la musique \u00e9tait diffus\u00e9e \u00e0 partir de nos diff\u00e9rentes listes de lecture Spotify, nous avons port\u00e9 un toast \u00e0 l\u2019amiti\u00e9, \u00e0 la famille, \u00e0 la r\u00e9ussite et \u00e0 l&rsquo;aventure ensoleill\u00e9e qui nous attendait.<\/div>\n<div class=\"RichText3-paragraph--withVSpacingNormal RichText3-paragraph Typography Typography--m\"><\/div>\n<div class=\"RichText3-paragraph--withVSpacingNormal RichText3-paragraph Typography Typography--m\">Ibiza n&rsquo;e nous a pas d\u00e9\u00e7u &#8211; bien au contraire. Nous nous sommes d\u00e9lect\u00e9s de sa d\u00e9licieuse vie nocturne, en nous relaxant dans les clubs de plage et en dansant jusqu&rsquo;au bout de la nuit. Nous avons savour\u00e9 la cuisine locale de l&rsquo;\u00eele, explor\u00e9 sa vieille ville enchanteresse et nous sommes d\u00e9tendus sur ses plages sublimes. Qu&rsquo;il s&rsquo;agisse d&rsquo;une croisi\u00e8re vibrante au coucher du soleil ou d&rsquo;une s\u00e9ance de yoga relaxante, Ibiza offre quelque chose pour chaque humeur.<\/div>\n<div class=\"RichText3-paragraph--withVSpacingNormal RichText3-paragraph Typography Typography--m\"><\/div>\n<div class=\"RichText3-paragraph--withVSpacingNormal RichText3-paragraph Typography Typography--m\">Le retour \u00e0 Londres a \u00e9t\u00e9 une exp\u00e9rience douce-am\u00e8re. JetFlo, fid\u00e8le \u00e0 sa philosophie de confort et de pr\u00e9cision, a fait en sorte que notre voyage de retour se d\u00e9roule dans la s\u00e9r\u00e9nit\u00e9. Nous avons eu l&rsquo;occasion de r\u00e9fl\u00e9chir aux merveilleux souvenirs que nous avions accumul\u00e9s, tout en nous pr\u00e9lassant dans la cabine confortable du <strong><a href=\"https:\/\/jetflo.com\/charters\/embraer-phenom-300\/?lang=fr\" target=\"_blank\" rel=\"noopener\">Phenom 300<\/a>.<\/strong><\/div>\n<div class=\"RichText3-paragraph--withVSpacingNormal RichText3-paragraph Typography Typography--m\"><\/div>\n<div class=\"RichText3-paragraph--withVSpacingNormal RichText3-paragraph Typography Typography--m\">En y repensant, la d\u00e9cision de voler en priv\u00e9 avec JetFlo a \u00e9t\u00e9 la meilleure que nous ayons prise. Nous sommes tous occup\u00e9s \u00e0 jongler avec des journ\u00e9es de travail de 15 heures et des obligations familiales au quotidien. Pour un long week-end avec nos amis, nous voulions simplement nous d\u00e9tendre. Nous n&rsquo;avons pas le temps d&rsquo;arriver deux heures \u00e0 l&rsquo;avance \u00e0 l&rsquo;a\u00e9roport et de nous joindre \u00e0 la foule, ni de chercher quel vol au d\u00e9part de quel a\u00e9roport nous conviendra le mieux. Il ne s&rsquo;agissait pas de frimer, mais d&rsquo;avoir la libert\u00e9 de profiter de notre voyage \u00e0 notre guise. JetFlo a su allier commodit\u00e9 et luxe, nous laissant le temps de nous d\u00e9tendre, de c\u00e9l\u00e9brer et de profiter de l&rsquo;instant pr\u00e9sent. C&rsquo;\u00e9tait le d\u00e9but et la fin parfaits de notre aventure \u00e0 Ibiza, et j&rsquo;ai h\u00e2te de voir o\u00f9 JetFlo nous emm\u00e8nera ensuite.<\/div>\n<\/div>\n","protected":false},"excerpt":{"rendered":"<p>Dans le monde rapide de la fintech, le succ\u00e8s arrive souvent \u00e0 un rythme \u00e9poustouflant. En tant que cofondateur d&rsquo;une startup en pleine croissance, je me suis retrouv\u00e9 au c\u0153ur de ce tourbillon exaltant. Aussi, lorsque l&rsquo;occasion s&rsquo;est pr\u00e9sent\u00e9e de faire une pause, je l&rsquo;ai saisie avec empressement. La destination ? L&rsquo;\u00eele d&rsquo;Ibiza, baign\u00e9e de [&hellip;]<\/p>\n","protected":false},"author":2,"featured_media":10374,"comment_status":"closed","ping_status":"open","sticky":false,"template":"","format":"standard","meta":{"_acf_changed":false,"footnotes":""},"categories":[311,350,351,352,341],"tags":[],"class_list":["post-10381","post","type-post","status-publish","format-standard","has-post-thumbnail","hentry","category-actualites-jetflo","category-ibiza-fr","category-summer-destinations-fr","category-testimonial-fr","category-voyage-de-luxe"],"acf":[],"yoast_head":"<!-- This site is optimized with the Yoast SEO plugin v26.3 - https:\/\/yoast.com\/wordpress\/plugins\/seo\/ -->\n<title>En route pour Ibiza avec JetFlo - JetFlo<\/title>\n<meta name=\"description\" content=\"Flying with JetFlo to Ibiza on a private jet on a Challenger 350. Read a personal account from one of our frequent flyers\" \/>\n<meta name=\"robots\" content=\"index, follow, max-snippet:-1, max-image-preview:large, max-video-preview:-1\" \/>\n<link rel=\"canonical\" href=\"https:\/\/jetflo.com\/fr\/en_route_pour_ibiza\/\" \/>\n<meta property=\"og:locale\" content=\"fr_FR\" \/>\n<meta property=\"og:type\" content=\"article\" \/>\n<meta property=\"og:title\" content=\"En route pour Ibiza avec JetFlo - JetFlo\" \/>\n<meta property=\"og:description\" content=\"Flying with JetFlo to Ibiza on a private jet on a Challenger 350. Read a personal account from one of our frequent flyers\" \/>\n<meta property=\"og:url\" content=\"https:\/\/jetflo.com\/fr\/en_route_pour_ibiza\/\" \/>\n<meta property=\"og:site_name\" content=\"JetFlo\" \/>\n<meta property=\"article:published_time\" content=\"2023-07-19T09:33:04+00:00\" \/>\n<meta property=\"article:modified_time\" content=\"2023-07-23T17:21:26+00:00\" \/>\n<meta property=\"og:image\" content=\"https:\/\/jetflo.com\/wp-content\/uploads\/2023\/07\/Ibiza_summer_destination.jpg\" \/>\n\t<meta property=\"og:image:width\" content=\"1352\" \/>\n\t<meta property=\"og:image:height\" content=\"846\" \/>\n\t<meta property=\"og:image:type\" content=\"image\/jpeg\" \/>\n<meta name=\"author\" content=\"JetFlo\" \/>\n<meta name=\"twitter:card\" content=\"summary_large_image\" \/>\n<meta name=\"twitter:label1\" content=\"\u00c9crit par\" \/>\n\t<meta name=\"twitter:data1\" content=\"JetFlo\" \/>\n\t<meta name=\"twitter:label2\" content=\"Dur\u00e9e de lecture estim\u00e9e\" \/>\n\t<meta name=\"twitter:data2\" content=\"3 minutes\" \/>\n<script type=\"application\/ld+json\" class=\"yoast-schema-graph\">{\"@context\":\"https:\/\/schema.org\",\"@graph\":[{\"@type\":\"Article\",\"@id\":\"https:\/\/jetflo.com\/fr\/en_route_pour_ibiza\/#article\",\"isPartOf\":{\"@id\":\"https:\/\/jetflo.com\/fr\/en_route_pour_ibiza\/\"},\"author\":{\"name\":\"JetFlo\",\"@id\":\"https:\/\/jetflo.com\/fr\/#\/schema\/person\/7bb99711cf63473b84cac02d8260532c\"},\"headline\":\"En route pour Ibiza avec JetFlo\",\"datePublished\":\"2023-07-19T09:33:04+00:00\",\"dateModified\":\"2023-07-23T17:21:26+00:00\",\"mainEntityOfPage\":{\"@id\":\"https:\/\/jetflo.com\/fr\/en_route_pour_ibiza\/\"},\"wordCount\":625,\"publisher\":{\"@id\":\"https:\/\/jetflo.com\/fr\/#organization\"},\"image\":{\"@id\":\"https:\/\/jetflo.com\/fr\/en_route_pour_ibiza\/#primaryimage\"},\"thumbnailUrl\":\"https:\/\/jetflo.com\/wp-content\/uploads\/2023\/07\/Ibiza_summer_destination.jpg\",\"articleSection\":[\"Actualit\u00e9s JetFlo\",\"Ibiza\",\"Summer Destinations\",\"Testimonial\",\"Voyage de luxe\"],\"inLanguage\":\"fr-FR\"},{\"@type\":\"WebPage\",\"@id\":\"https:\/\/jetflo.com\/fr\/en_route_pour_ibiza\/\",\"url\":\"https:\/\/jetflo.com\/fr\/en_route_pour_ibiza\/\",\"name\":\"En route pour Ibiza avec JetFlo - JetFlo\",\"isPartOf\":{\"@id\":\"https:\/\/jetflo.com\/fr\/#website\"},\"primaryImageOfPage\":{\"@id\":\"https:\/\/jetflo.com\/fr\/en_route_pour_ibiza\/#primaryimage\"},\"image\":{\"@id\":\"https:\/\/jetflo.com\/fr\/en_route_pour_ibiza\/#primaryimage\"},\"thumbnailUrl\":\"https:\/\/jetflo.com\/wp-content\/uploads\/2023\/07\/Ibiza_summer_destination.jpg\",\"datePublished\":\"2023-07-19T09:33:04+00:00\",\"dateModified\":\"2023-07-23T17:21:26+00:00\",\"description\":\"Flying with JetFlo to Ibiza on a private jet on a Challenger 350. Read a personal account from one of our frequent flyers\",\"breadcrumb\":{\"@id\":\"https:\/\/jetflo.com\/fr\/en_route_pour_ibiza\/#breadcrumb\"},\"inLanguage\":\"fr-FR\",\"potentialAction\":[{\"@type\":\"ReadAction\",\"target\":[\"https:\/\/jetflo.com\/fr\/en_route_pour_ibiza\/\"]}]},{\"@type\":\"ImageObject\",\"inLanguage\":\"fr-FR\",\"@id\":\"https:\/\/jetflo.com\/fr\/en_route_pour_ibiza\/#primaryimage\",\"url\":\"https:\/\/jetflo.com\/wp-content\/uploads\/2023\/07\/Ibiza_summer_destination.jpg\",\"contentUrl\":\"https:\/\/jetflo.com\/wp-content\/uploads\/2023\/07\/Ibiza_summer_destination.jpg\",\"width\":1352,\"height\":846,\"caption\":\"Ibiza\"},{\"@type\":\"BreadcrumbList\",\"@id\":\"https:\/\/jetflo.com\/fr\/en_route_pour_ibiza\/#breadcrumb\",\"itemListElement\":[{\"@type\":\"ListItem\",\"position\":1,\"name\":\"Home\",\"item\":\"https:\/\/jetflo.com\/fr\/\"},{\"@type\":\"ListItem\",\"position\":2,\"name\":\"En route pour Ibiza avec JetFlo\"}]},{\"@type\":\"WebSite\",\"@id\":\"https:\/\/jetflo.com\/fr\/#website\",\"url\":\"https:\/\/jetflo.com\/fr\/\",\"name\":\"JetFlo\",\"description\":\"Your Private Jet Charter\",\"publisher\":{\"@id\":\"https:\/\/jetflo.com\/fr\/#organization\"},\"alternateName\":\"JetFlo Private Jet Charter\",\"potentialAction\":[{\"@type\":\"SearchAction\",\"target\":{\"@type\":\"EntryPoint\",\"urlTemplate\":\"https:\/\/jetflo.com\/fr\/?s={search_term_string}\"},\"query-input\":{\"@type\":\"PropertyValueSpecification\",\"valueRequired\":true,\"valueName\":\"search_term_string\"}}],\"inLanguage\":\"fr-FR\"},{\"@type\":\"Organization\",\"@id\":\"https:\/\/jetflo.com\/fr\/#organization\",\"name\":\"JetFlo\",\"url\":\"https:\/\/jetflo.com\/fr\/\",\"logo\":{\"@type\":\"ImageObject\",\"inLanguage\":\"fr-FR\",\"@id\":\"https:\/\/jetflo.com\/fr\/#\/schema\/logo\/image\/\",\"url\":\"https:\/\/jetflo.com\/wp-content\/uploads\/2022\/09\/JetFlo-Logo.svg\",\"contentUrl\":\"https:\/\/jetflo.com\/wp-content\/uploads\/2022\/09\/JetFlo-Logo.svg\",\"caption\":\"JetFlo\"},\"image\":{\"@id\":\"https:\/\/jetflo.com\/fr\/#\/schema\/logo\/image\/\"}},{\"@type\":\"Person\",\"@id\":\"https:\/\/jetflo.com\/fr\/#\/schema\/person\/7bb99711cf63473b84cac02d8260532c\",\"name\":\"JetFlo\",\"image\":{\"@type\":\"ImageObject\",\"inLanguage\":\"fr-FR\",\"@id\":\"https:\/\/jetflo.com\/fr\/#\/schema\/person\/image\/\",\"url\":\"https:\/\/secure.gravatar.com\/avatar\/f5ea9f85ca427fc86f988b6d694f57ac231b92c2c839cac7c6929c8107c7ab16?s=96&d=mm&r=g\",\"contentUrl\":\"https:\/\/secure.gravatar.com\/avatar\/f5ea9f85ca427fc86f988b6d694f57ac231b92c2c839cac7c6929c8107c7ab16?s=96&d=mm&r=g\",\"caption\":\"JetFlo\"},\"url\":\"https:\/\/jetflo.com\/fr\/author\/louise\/\"}]}<\/script>\n<!-- \/ Yoast SEO plugin. -->","yoast_head_json":{"title":"En route pour Ibiza avec JetFlo - JetFlo","description":"Flying with JetFlo to Ibiza on a private jet on a Challenger 350. Read a personal account from one of our frequent flyers","robots":{"index":"index","follow":"follow","max-snippet":"max-snippet:-1","max-image-preview":"max-image-preview:large","max-video-preview":"max-video-preview:-1"},"canonical":"https:\/\/jetflo.com\/fr\/en_route_pour_ibiza\/","og_locale":"fr_FR","og_type":"article","og_title":"En route pour Ibiza avec JetFlo - JetFlo","og_description":"Flying with JetFlo to Ibiza on a private jet on a Challenger 350. Read a personal account from one of our frequent flyers","og_url":"https:\/\/jetflo.com\/fr\/en_route_pour_ibiza\/","og_site_name":"JetFlo","article_published_time":"2023-07-19T09:33:04+00:00","article_modified_time":"2023-07-23T17:21:26+00:00","og_image":[{"width":1352,"height":846,"url":"https:\/\/jetflo.com\/wp-content\/uploads\/2023\/07\/Ibiza_summer_destination.jpg","type":"image\/jpeg"}],"author":"JetFlo","twitter_card":"summary_large_image","twitter_misc":{"\u00c9crit par":"JetFlo","Dur\u00e9e de lecture estim\u00e9e":"3 minutes"},"schema":{"@context":"https:\/\/schema.org","@graph":[{"@type":"Article","@id":"https:\/\/jetflo.com\/fr\/en_route_pour_ibiza\/#article","isPartOf":{"@id":"https:\/\/jetflo.com\/fr\/en_route_pour_ibiza\/"},"author":{"name":"JetFlo","@id":"https:\/\/jetflo.com\/fr\/#\/schema\/person\/7bb99711cf63473b84cac02d8260532c"},"headline":"En route pour Ibiza avec JetFlo","datePublished":"2023-07-19T09:33:04+00:00","dateModified":"2023-07-23T17:21:26+00:00","mainEntityOfPage":{"@id":"https:\/\/jetflo.com\/fr\/en_route_pour_ibiza\/"},"wordCount":625,"publisher":{"@id":"https:\/\/jetflo.com\/fr\/#organization"},"image":{"@id":"https:\/\/jetflo.com\/fr\/en_route_pour_ibiza\/#primaryimage"},"thumbnailUrl":"https:\/\/jetflo.com\/wp-content\/uploads\/2023\/07\/Ibiza_summer_destination.jpg","articleSection":["Actualit\u00e9s JetFlo","Ibiza","Summer Destinations","Testimonial","Voyage de luxe"],"inLanguage":"fr-FR"},{"@type":"WebPage","@id":"https:\/\/jetflo.com\/fr\/en_route_pour_ibiza\/","url":"https:\/\/jetflo.com\/fr\/en_route_pour_ibiza\/","name":"En route pour Ibiza avec JetFlo - JetFlo","isPartOf":{"@id":"https:\/\/jetflo.com\/fr\/#website"},"primaryImageOfPage":{"@id":"https:\/\/jetflo.com\/fr\/en_route_pour_ibiza\/#primaryimage"},"image":{"@id":"https:\/\/jetflo.com\/fr\/en_route_pour_ibiza\/#primaryimage"},"thumbnailUrl":"https:\/\/jetflo.com\/wp-content\/uploads\/2023\/07\/Ibiza_summer_destination.jpg","datePublished":"2023-07-19T09:33:04+00:00","dateModified":"2023-07-23T17:21:26+00:00","description":"Flying with JetFlo to Ibiza on a private jet on a Challenger 350. Read a personal account from one of our frequent flyers","breadcrumb":{"@id":"https:\/\/jetflo.com\/fr\/en_route_pour_ibiza\/#breadcrumb"},"inLanguage":"fr-FR","potentialAction":[{"@type":"ReadAction","target":["https:\/\/jetflo.com\/fr\/en_route_pour_ibiza\/"]}]},{"@type":"ImageObject","inLanguage":"fr-FR","@id":"https:\/\/jetflo.com\/fr\/en_route_pour_ibiza\/#primaryimage","url":"https:\/\/jetflo.com\/wp-content\/uploads\/2023\/07\/Ibiza_summer_destination.jpg","contentUrl":"https:\/\/jetflo.com\/wp-content\/uploads\/2023\/07\/Ibiza_summer_destination.jpg","width":1352,"height":846,"caption":"Ibiza"},{"@type":"BreadcrumbList","@id":"https:\/\/jetflo.com\/fr\/en_route_pour_ibiza\/#breadcrumb","itemListElement":[{"@type":"ListItem","position":1,"name":"Home","item":"https:\/\/jetflo.com\/fr\/"},{"@type":"ListItem","position":2,"name":"En route pour Ibiza avec JetFlo"}]},{"@type":"WebSite","@id":"https:\/\/jetflo.com\/fr\/#website","url":"https:\/\/jetflo.com\/fr\/","name":"JetFlo","description":"Your Private Jet Charter","publisher":{"@id":"https:\/\/jetflo.com\/fr\/#organization"},"alternateName":"JetFlo Private Jet Charter","potentialAction":[{"@type":"SearchAction","target":{"@type":"EntryPoint","urlTemplate":"https:\/\/jetflo.com\/fr\/?s={search_term_string}"},"query-input":{"@type":"PropertyValueSpecification","valueRequired":true,"valueName":"search_term_string"}}],"inLanguage":"fr-FR"},{"@type":"Organization","@id":"https:\/\/jetflo.com\/fr\/#organization","name":"JetFlo","url":"https:\/\/jetflo.com\/fr\/","logo":{"@type":"ImageObject","inLanguage":"fr-FR","@id":"https:\/\/jetflo.com\/fr\/#\/schema\/logo\/image\/","url":"https:\/\/jetflo.com\/wp-content\/uploads\/2022\/09\/JetFlo-Logo.svg","contentUrl":"https:\/\/jetflo.com\/wp-content\/uploads\/2022\/09\/JetFlo-Logo.svg","caption":"JetFlo"},"image":{"@id":"https:\/\/jetflo.com\/fr\/#\/schema\/logo\/image\/"}},{"@type":"Person","@id":"https:\/\/jetflo.com\/fr\/#\/schema\/person\/7bb99711cf63473b84cac02d8260532c","name":"JetFlo","image":{"@type":"ImageObject","inLanguage":"fr-FR","@id":"https:\/\/jetflo.com\/fr\/#\/schema\/person\/image\/","url":"https:\/\/secure.gravatar.com\/avatar\/f5ea9f85ca427fc86f988b6d694f57ac231b92c2c839cac7c6929c8107c7ab16?s=96&d=mm&r=g","contentUrl":"https:\/\/secure.gravatar.com\/avatar\/f5ea9f85ca427fc86f988b6d694f57ac231b92c2c839cac7c6929c8107c7ab16?s=96&d=mm&r=g","caption":"JetFlo"},"url":"https:\/\/jetflo.com\/fr\/author\/louise\/"}]}},"_links":{"self":[{"href":"https:\/\/jetflo.com\/fr\/wp-json\/wp\/v2\/posts\/10381","targetHints":{"allow":["GET"]}}],"collection":[{"href":"https:\/\/jetflo.com\/fr\/wp-json\/wp\/v2\/posts"}],"about":[{"href":"https:\/\/jetflo.com\/fr\/wp-json\/wp\/v2\/types\/post"}],"author":[{"embeddable":true,"href":"https:\/\/jetflo.com\/fr\/wp-json\/wp\/v2\/users\/2"}],"replies":[{"embeddable":true,"href":"https:\/\/jetflo.com\/fr\/wp-json\/wp\/v2\/comments?post=10381"}],"version-history":[{"count":9,"href":"https:\/\/jetflo.com\/fr\/wp-json\/wp\/v2\/posts\/10381\/revisions"}],"predecessor-version":[{"id":10497,"href":"https:\/\/jetflo.com\/fr\/wp-json\/wp\/v2\/posts\/10381\/revisions\/10497"}],"wp:featuredmedia":[{"embeddable":true,"href":"https:\/\/jetflo.com\/fr\/wp-json\/wp\/v2\/media\/10374"}],"wp:attachment":[{"href":"https:\/\/jetflo.com\/fr\/wp-json\/wp\/v2\/media?parent=10381"}],"wp:term":[{"taxonomy":"category","embeddable":true,"href":"https:\/\/jetflo.com\/fr\/wp-json\/wp\/v2\/categories?post=10381"},{"taxonomy":"post_tag","embeddable":true,"href":"https:\/\/jetflo.com\/fr\/wp-json\/wp\/v2\/tags?post=10381"}],"curies":[{"name":"wp","href":"https:\/\/api.w.org\/{rel}","templated":true}]}}