{"id":15226,"date":"2024-03-22T09:31:22","date_gmt":"2024-03-22T09:31:22","guid":{"rendered":"https:\/\/jetflo.com\/?p=15226"},"modified":"2024-03-22T09:57:30","modified_gmt":"2024-03-22T09:57:30","slug":"reservez-votre-place-dans-le-ciel-pour-le-festival-de-cannes-et-le-grand-prix-de-monaco","status":"publish","type":"post","link":"https:\/\/jetflo.com\/fr\/reservez-votre-place-dans-le-ciel-pour-le-festival-de-cannes-et-le-grand-prix-de-monaco\/","title":{"rendered":"R\u00e9servez votre place pour le Festival de Cannes et le Grand Prix de Monaco"},"content":{"rendered":"<p>Chaque ann\u00e9e, au d\u00e9but de l\u2019\u00e9t\u00e9, l\u2019\u00e9lite mondiale se rend sur la C\u00f4te d\u2019Azur pour les \u00e9v\u00e9nements phares de l\u2019ann\u00e9e : le Festival de Cannes et le <a href=\"https:\/\/jetflo.com\/fr\/events\/grand-prix-de-monaco-formule-1\/\">Grand Prix de Monaco<\/a>.<\/p>\n<p>Cependant, se rendre \u00e0 ces \u00e9v\u00e9nements n&rsquo;est pas sans difficult\u00e9, car le grand nombre de participants met une pression suppl\u00e9mentaire sur les a\u00e9roports locaux de Nice et de Cannes. JetFlo est pr\u00eat \u00e0 vous guider tout au long du processus d&rsquo;obtention de pr\u00e9cieux cr\u00e9neaux d&rsquo;atterrissage pour ces \u00e9v\u00e9nements, vous permettant de profiter du glamour et de l&rsquo;excitation sans le stress du voyage.<\/p>\n<figure id=\"attachment_15223\" aria-describedby=\"caption-attachment-15223\" style=\"width: 1031px\" class=\"wp-caption alignnone\"><img loading=\"lazy\" decoding=\"async\" class=\"wp-image-15223 \" src=\"https:\/\/jetflo.com\/wp-content\/uploads\/2024\/03\/monaco-gp-social.webp\" alt=\"\" width=\"1031\" height=\"541\" srcset=\"https:\/\/jetflo.com\/wp-content\/uploads\/2024\/03\/monaco-gp-social.webp 1200w, https:\/\/jetflo.com\/wp-content\/uploads\/2024\/03\/monaco-gp-social-300x158.webp 300w, https:\/\/jetflo.com\/wp-content\/uploads\/2024\/03\/monaco-gp-social-1024x538.webp 1024w, https:\/\/jetflo.com\/wp-content\/uploads\/2024\/03\/monaco-gp-social-768x403.webp 768w\" sizes=\"auto, (max-width: 1031px) 100vw, 1031px\" \/><figcaption id=\"caption-attachment-15223\" class=\"wp-caption-text\">Vue du port de Monaco pendant le Grand Prix de Monaco<\/figcaption><\/figure>\n<h2>Mesures sp\u00e9ciales en place<\/h2>\n<p>Afin d&rsquo;all\u00e9ger le fardeau que repr\u00e9sente la gestion d&rsquo;un tel volume de trafic, les deux a\u00e9roports lib\u00e8rent un nombre pr\u00e9d\u00e9termin\u00e9 de cr\u00e9neaux d&rsquo;atterrissage dans les mois pr\u00e9c\u00e9dant les \u00e9v\u00e9nements. Un cr\u00e9neau a\u00e9roportuaire est un laps de temps sp\u00e9cifique, g\u00e9n\u00e9ralement d&rsquo;environ 20 minutes, pendant lequel un avion peut atterrir ou d\u00e9coller d&rsquo;un a\u00e9roport. Cela fait partie des efforts d\u00e9ploy\u00e9s par l&rsquo;a\u00e9roport pour g\u00e9rer le trafic a\u00e9rien et s&rsquo;assurer que l&rsquo;a\u00e9roport peut accueillir le nombre de vols pr\u00e9vus, en particulier \u00e0 l&rsquo;occasion de grands \u00e9v\u00e9nements tels que le Festival de Cannes ou le SuperBowl.<\/p>\n<p>En outre, une autorisation pr\u00e9alable requise (PPR) est une autorisation distincte qu&rsquo;un exploitant d&rsquo;a\u00e9ronef doit obtenir avant d&rsquo;arriver dans certains a\u00e9roports ou d&rsquo;en repartir. Il s&rsquo;agit d&rsquo;une exigence suppl\u00e9mentaire qui s&rsquo;applique g\u00e9n\u00e9ralement aux a\u00e9roports plus petits ou priv\u00e9s, afin de s&rsquo;assurer qu&rsquo;ils peuvent accueillir l&rsquo;a\u00e9ronef.<\/p>\n<figure id=\"attachment_15221\" aria-describedby=\"caption-attachment-15221\" style=\"width: 1037px\" class=\"wp-caption alignnone\"><img loading=\"lazy\" decoding=\"async\" class=\"wp-image-15221\" src=\"https:\/\/jetflo.com\/wp-content\/uploads\/2024\/03\/79bb2d80bf194e42195f381d48eac2181dd920a8.jpg\" alt=\"\" width=\"1037\" height=\"572\" srcset=\"https:\/\/jetflo.com\/wp-content\/uploads\/2024\/03\/79bb2d80bf194e42195f381d48eac2181dd920a8.jpg 725w, https:\/\/jetflo.com\/wp-content\/uploads\/2024\/03\/79bb2d80bf194e42195f381d48eac2181dd920a8-300x166.jpg 300w\" sizes=\"auto, (max-width: 1037px) 100vw, 1037px\" \/><figcaption id=\"caption-attachment-15221\" class=\"wp-caption-text\">L&rsquo;espace de stationnement et les horaires d&rsquo;ouverture limit\u00e9s posent des restrictions \u00e0 l&rsquo;atterrissage \u00e0 l&rsquo;a\u00e9roport de Cannes<\/figcaption><\/figure>\n<p><a href=\"https:\/\/jetflo.com\/fr\/destinations\/nice\/\">Nice (LFMN)<\/a> et <a href=\"https:\/\/jetflo.com\/fr\/destinations\/cannes\/\">Cannes (LFMD)<\/a> imposeront des cr\u00e9neaux a\u00e9roportuaires et une autorisation pr\u00e9alable requise (PPR) pour le Festival du film et le Grand Prix. L&rsquo;a\u00e9roport de Cannes pose un probl\u00e8me particulier en raison de sa capacit\u00e9 limit\u00e9e et de ses heures d&rsquo;ouverture restreintes. Pendant cette p\u00e9riode, tout changement d&rsquo;horaire de plus de 20 minutes entra\u00eenera l&rsquo;annulation des cr\u00e9neaux approuv\u00e9s et la n\u00e9cessit\u00e9 d&rsquo;introduire une nouvelle demande.<\/p>\n<h2>Options alternatives<\/h2>\n<p>Les a\u00e9roports pr\u00e9f\u00e9r\u00e9s pour le Festival de Cannes sont LFMN et LFMD, mais d&rsquo;autres a\u00e9roports peuvent \u00eatre envisag\u00e9s en cas de probl\u00e8me de stationnement, notamment Toulon (LFTH), Le Castellet (LFMQ) et Marseille (LFML). Dans le cas du Grand Prix de Monaco, si vous n&rsquo;\u00eates pas en mesure d&rsquo;obtenir un parking \u00e0 LFMN, G\u00eanes (LIMJ), \u00e0 85 miles de distance et avec des transferts en h\u00e9licopt\u00e8re disponibles pour Monaco, peut \u00eatre envisag\u00e9.<\/p>\n<p>Chez JetFlo, nous ne nous contentons pas de r\u00e9server des vols, nous concevons des voyages. Alors que la ru\u00e9e vers les cr\u00e9neaux horaires est en cours, nous disposons de l&rsquo;expertise et du r\u00e9seau n\u00e9cessaires pour faire en sorte que vous ne soyez pas un avion de plus dans la file d&rsquo;attente. Nous vous invitons \u00e0 nous confier vos projets de voyage d\u00e8s que possible, afin de vous assurer un voyage luxueux et sans stress.<\/p>\n","protected":false},"excerpt":{"rendered":"<p>Chaque ann\u00e9e, au d\u00e9but de l\u2019\u00e9t\u00e9, l\u2019\u00e9lite mondiale se rend sur la C\u00f4te d\u2019Azur pour les \u00e9v\u00e9nements phares de l\u2019ann\u00e9e : le Festival de Cannes et le Grand Prix de Monaco. Cependant, se rendre \u00e0 ces \u00e9v\u00e9nements n&rsquo;est pas sans difficult\u00e9, car le grand nombre de participants met une pression suppl\u00e9mentaire sur les a\u00e9roports locaux [&hellip;]<\/p>\n","protected":false},"author":2,"featured_media":15314,"comment_status":"closed","ping_status":"open","sticky":false,"template":"","format":"standard","meta":{"_acf_changed":false,"footnotes":""},"categories":[3],"tags":[],"class_list":["post-15226","post","type-post","status-publish","format-standard","has-post-thumbnail","hentry","category-non-classifiee"],"acf":[],"yoast_head":"<!-- This site is optimized with the Yoast SEO plugin v26.3 - https:\/\/yoast.com\/wordpress\/plugins\/seo\/ -->\n<title>R\u00e9servez votre place pour le Festival de Cannes et le Grand Prix de Monaco - JetFlo<\/title>\n<meta name=\"robots\" content=\"index, follow, max-snippet:-1, max-image-preview:large, max-video-preview:-1\" \/>\n<link rel=\"canonical\" href=\"https:\/\/jetflo.com\/fr\/reservez-votre-place-dans-le-ciel-pour-le-festival-de-cannes-et-le-grand-prix-de-monaco\/\" \/>\n<meta property=\"og:locale\" content=\"fr_FR\" \/>\n<meta property=\"og:type\" content=\"article\" \/>\n<meta property=\"og:title\" content=\"R\u00e9servez votre place pour le Festival de Cannes et le Grand Prix de Monaco - JetFlo\" \/>\n<meta property=\"og:description\" content=\"Chaque ann\u00e9e, au d\u00e9but de l\u2019\u00e9t\u00e9, l\u2019\u00e9lite mondiale se rend sur la C\u00f4te d\u2019Azur pour les \u00e9v\u00e9nements phares de l\u2019ann\u00e9e : le Festival de Cannes et le Grand Prix de Monaco. Cependant, se rendre \u00e0 ces \u00e9v\u00e9nements n&rsquo;est pas sans difficult\u00e9, car le grand nombre de participants met une pression suppl\u00e9mentaire sur les a\u00e9roports locaux [&hellip;]\" \/>\n<meta property=\"og:url\" content=\"https:\/\/jetflo.com\/fr\/reservez-votre-place-dans-le-ciel-pour-le-festival-de-cannes-et-le-grand-prix-de-monaco\/\" \/>\n<meta property=\"og:site_name\" content=\"JetFlo\" \/>\n<meta property=\"article:published_time\" content=\"2024-03-22T09:31:22+00:00\" \/>\n<meta property=\"article:modified_time\" content=\"2024-03-22T09:57:30+00:00\" \/>\n<meta property=\"og:image\" content=\"https:\/\/jetflo.com\/wp-content\/uploads\/2024\/03\/bc416587986cf9a70b83e441e4b2abf8.jpg\" \/>\n\t<meta property=\"og:image:width\" content=\"1140\" \/>\n\t<meta property=\"og:image:height\" content=\"550\" \/>\n\t<meta property=\"og:image:type\" content=\"image\/jpeg\" \/>\n<meta name=\"author\" content=\"JetFlo\" \/>\n<meta name=\"twitter:card\" content=\"summary_large_image\" \/>\n<meta name=\"twitter:label1\" content=\"\u00c9crit par\" \/>\n\t<meta name=\"twitter:data1\" content=\"JetFlo\" \/>\n\t<meta name=\"twitter:label2\" content=\"Dur\u00e9e de lecture estim\u00e9e\" \/>\n\t<meta name=\"twitter:data2\" content=\"3 minutes\" \/>\n<script type=\"application\/ld+json\" class=\"yoast-schema-graph\">{\"@context\":\"https:\/\/schema.org\",\"@graph\":[{\"@type\":\"Article\",\"@id\":\"https:\/\/jetflo.com\/fr\/reservez-votre-place-dans-le-ciel-pour-le-festival-de-cannes-et-le-grand-prix-de-monaco\/#article\",\"isPartOf\":{\"@id\":\"https:\/\/jetflo.com\/fr\/reservez-votre-place-dans-le-ciel-pour-le-festival-de-cannes-et-le-grand-prix-de-monaco\/\"},\"author\":{\"name\":\"JetFlo\",\"@id\":\"https:\/\/jetflo.com\/fr\/#\/schema\/person\/7bb99711cf63473b84cac02d8260532c\"},\"headline\":\"R\u00e9servez votre place pour le Festival de Cannes et le Grand Prix de Monaco\",\"datePublished\":\"2024-03-22T09:31:22+00:00\",\"dateModified\":\"2024-03-22T09:57:30+00:00\",\"mainEntityOfPage\":{\"@id\":\"https:\/\/jetflo.com\/fr\/reservez-votre-place-dans-le-ciel-pour-le-festival-de-cannes-et-le-grand-prix-de-monaco\/\"},\"wordCount\":573,\"publisher\":{\"@id\":\"https:\/\/jetflo.com\/fr\/#organization\"},\"image\":{\"@id\":\"https:\/\/jetflo.com\/fr\/reservez-votre-place-dans-le-ciel-pour-le-festival-de-cannes-et-le-grand-prix-de-monaco\/#primaryimage\"},\"thumbnailUrl\":\"https:\/\/jetflo.com\/wp-content\/uploads\/2024\/03\/bc416587986cf9a70b83e441e4b2abf8.jpg\",\"articleSection\":[\"Non classifi\u00e9(e)\"],\"inLanguage\":\"fr-FR\"},{\"@type\":\"WebPage\",\"@id\":\"https:\/\/jetflo.com\/fr\/reservez-votre-place-dans-le-ciel-pour-le-festival-de-cannes-et-le-grand-prix-de-monaco\/\",\"url\":\"https:\/\/jetflo.com\/fr\/reservez-votre-place-dans-le-ciel-pour-le-festival-de-cannes-et-le-grand-prix-de-monaco\/\",\"name\":\"R\u00e9servez votre place pour le Festival de Cannes et le Grand Prix de Monaco - JetFlo\",\"isPartOf\":{\"@id\":\"https:\/\/jetflo.com\/fr\/#website\"},\"primaryImageOfPage\":{\"@id\":\"https:\/\/jetflo.com\/fr\/reservez-votre-place-dans-le-ciel-pour-le-festival-de-cannes-et-le-grand-prix-de-monaco\/#primaryimage\"},\"image\":{\"@id\":\"https:\/\/jetflo.com\/fr\/reservez-votre-place-dans-le-ciel-pour-le-festival-de-cannes-et-le-grand-prix-de-monaco\/#primaryimage\"},\"thumbnailUrl\":\"https:\/\/jetflo.com\/wp-content\/uploads\/2024\/03\/bc416587986cf9a70b83e441e4b2abf8.jpg\",\"datePublished\":\"2024-03-22T09:31:22+00:00\",\"dateModified\":\"2024-03-22T09:57:30+00:00\",\"breadcrumb\":{\"@id\":\"https:\/\/jetflo.com\/fr\/reservez-votre-place-dans-le-ciel-pour-le-festival-de-cannes-et-le-grand-prix-de-monaco\/#breadcrumb\"},\"inLanguage\":\"fr-FR\",\"potentialAction\":[{\"@type\":\"ReadAction\",\"target\":[\"https:\/\/jetflo.com\/fr\/reservez-votre-place-dans-le-ciel-pour-le-festival-de-cannes-et-le-grand-prix-de-monaco\/\"]}]},{\"@type\":\"ImageObject\",\"inLanguage\":\"fr-FR\",\"@id\":\"https:\/\/jetflo.com\/fr\/reservez-votre-place-dans-le-ciel-pour-le-festival-de-cannes-et-le-grand-prix-de-monaco\/#primaryimage\",\"url\":\"https:\/\/jetflo.com\/wp-content\/uploads\/2024\/03\/bc416587986cf9a70b83e441e4b2abf8.jpg\",\"contentUrl\":\"https:\/\/jetflo.com\/wp-content\/uploads\/2024\/03\/bc416587986cf9a70b83e441e4b2abf8.jpg\",\"width\":1140,\"height\":550},{\"@type\":\"BreadcrumbList\",\"@id\":\"https:\/\/jetflo.com\/fr\/reservez-votre-place-dans-le-ciel-pour-le-festival-de-cannes-et-le-grand-prix-de-monaco\/#breadcrumb\",\"itemListElement\":[{\"@type\":\"ListItem\",\"position\":1,\"name\":\"Home\",\"item\":\"https:\/\/jetflo.com\/fr\/\"},{\"@type\":\"ListItem\",\"position\":2,\"name\":\"R\u00e9servez votre place pour le Festival de Cannes et le Grand Prix de Monaco\"}]},{\"@type\":\"WebSite\",\"@id\":\"https:\/\/jetflo.com\/fr\/#website\",\"url\":\"https:\/\/jetflo.com\/fr\/\",\"name\":\"JetFlo\",\"description\":\"Your Private Jet Charter\",\"publisher\":{\"@id\":\"https:\/\/jetflo.com\/fr\/#organization\"},\"alternateName\":\"JetFlo Private Jet Charter\",\"potentialAction\":[{\"@type\":\"SearchAction\",\"target\":{\"@type\":\"EntryPoint\",\"urlTemplate\":\"https:\/\/jetflo.com\/fr\/?s={search_term_string}\"},\"query-input\":{\"@type\":\"PropertyValueSpecification\",\"valueRequired\":true,\"valueName\":\"search_term_string\"}}],\"inLanguage\":\"fr-FR\"},{\"@type\":\"Organization\",\"@id\":\"https:\/\/jetflo.com\/fr\/#organization\",\"name\":\"JetFlo\",\"url\":\"https:\/\/jetflo.com\/fr\/\",\"logo\":{\"@type\":\"ImageObject\",\"inLanguage\":\"fr-FR\",\"@id\":\"https:\/\/jetflo.com\/fr\/#\/schema\/logo\/image\/\",\"url\":\"https:\/\/jetflo.com\/wp-content\/uploads\/2022\/09\/JetFlo-Logo.svg\",\"contentUrl\":\"https:\/\/jetflo.com\/wp-content\/uploads\/2022\/09\/JetFlo-Logo.svg\",\"caption\":\"JetFlo\"},\"image\":{\"@id\":\"https:\/\/jetflo.com\/fr\/#\/schema\/logo\/image\/\"}},{\"@type\":\"Person\",\"@id\":\"https:\/\/jetflo.com\/fr\/#\/schema\/person\/7bb99711cf63473b84cac02d8260532c\",\"name\":\"JetFlo\",\"image\":{\"@type\":\"ImageObject\",\"inLanguage\":\"fr-FR\",\"@id\":\"https:\/\/jetflo.com\/fr\/#\/schema\/person\/image\/\",\"url\":\"https:\/\/secure.gravatar.com\/avatar\/f5ea9f85ca427fc86f988b6d694f57ac231b92c2c839cac7c6929c8107c7ab16?s=96&d=mm&r=g\",\"contentUrl\":\"https:\/\/secure.gravatar.com\/avatar\/f5ea9f85ca427fc86f988b6d694f57ac231b92c2c839cac7c6929c8107c7ab16?s=96&d=mm&r=g\",\"caption\":\"JetFlo\"},\"url\":\"https:\/\/jetflo.com\/fr\/author\/louise\/\"}]}<\/script>\n<!-- \/ Yoast SEO plugin. -->","yoast_head_json":{"title":"R\u00e9servez votre place pour le Festival de Cannes et le Grand Prix de Monaco - JetFlo","robots":{"index":"index","follow":"follow","max-snippet":"max-snippet:-1","max-image-preview":"max-image-preview:large","max-video-preview":"max-video-preview:-1"},"canonical":"https:\/\/jetflo.com\/fr\/reservez-votre-place-dans-le-ciel-pour-le-festival-de-cannes-et-le-grand-prix-de-monaco\/","og_locale":"fr_FR","og_type":"article","og_title":"R\u00e9servez votre place pour le Festival de Cannes et le Grand Prix de Monaco - JetFlo","og_description":"Chaque ann\u00e9e, au d\u00e9but de l\u2019\u00e9t\u00e9, l\u2019\u00e9lite mondiale se rend sur la C\u00f4te d\u2019Azur pour les \u00e9v\u00e9nements phares de l\u2019ann\u00e9e : le Festival de Cannes et le Grand Prix de Monaco. Cependant, se rendre \u00e0 ces \u00e9v\u00e9nements n&rsquo;est pas sans difficult\u00e9, car le grand nombre de participants met une pression suppl\u00e9mentaire sur les a\u00e9roports locaux [&hellip;]","og_url":"https:\/\/jetflo.com\/fr\/reservez-votre-place-dans-le-ciel-pour-le-festival-de-cannes-et-le-grand-prix-de-monaco\/","og_site_name":"JetFlo","article_published_time":"2024-03-22T09:31:22+00:00","article_modified_time":"2024-03-22T09:57:30+00:00","og_image":[{"width":1140,"height":550,"url":"https:\/\/jetflo.com\/wp-content\/uploads\/2024\/03\/bc416587986cf9a70b83e441e4b2abf8.jpg","type":"image\/jpeg"}],"author":"JetFlo","twitter_card":"summary_large_image","twitter_misc":{"\u00c9crit par":"JetFlo","Dur\u00e9e de lecture estim\u00e9e":"3 minutes"},"schema":{"@context":"https:\/\/schema.org","@graph":[{"@type":"Article","@id":"https:\/\/jetflo.com\/fr\/reservez-votre-place-dans-le-ciel-pour-le-festival-de-cannes-et-le-grand-prix-de-monaco\/#article","isPartOf":{"@id":"https:\/\/jetflo.com\/fr\/reservez-votre-place-dans-le-ciel-pour-le-festival-de-cannes-et-le-grand-prix-de-monaco\/"},"author":{"name":"JetFlo","@id":"https:\/\/jetflo.com\/fr\/#\/schema\/person\/7bb99711cf63473b84cac02d8260532c"},"headline":"R\u00e9servez votre place pour le Festival de Cannes et le Grand Prix de Monaco","datePublished":"2024-03-22T09:31:22+00:00","dateModified":"2024-03-22T09:57:30+00:00","mainEntityOfPage":{"@id":"https:\/\/jetflo.com\/fr\/reservez-votre-place-dans-le-ciel-pour-le-festival-de-cannes-et-le-grand-prix-de-monaco\/"},"wordCount":573,"publisher":{"@id":"https:\/\/jetflo.com\/fr\/#organization"},"image":{"@id":"https:\/\/jetflo.com\/fr\/reservez-votre-place-dans-le-ciel-pour-le-festival-de-cannes-et-le-grand-prix-de-monaco\/#primaryimage"},"thumbnailUrl":"https:\/\/jetflo.com\/wp-content\/uploads\/2024\/03\/bc416587986cf9a70b83e441e4b2abf8.jpg","articleSection":["Non classifi\u00e9(e)"],"inLanguage":"fr-FR"},{"@type":"WebPage","@id":"https:\/\/jetflo.com\/fr\/reservez-votre-place-dans-le-ciel-pour-le-festival-de-cannes-et-le-grand-prix-de-monaco\/","url":"https:\/\/jetflo.com\/fr\/reservez-votre-place-dans-le-ciel-pour-le-festival-de-cannes-et-le-grand-prix-de-monaco\/","name":"R\u00e9servez votre place pour le Festival de Cannes et le Grand Prix de Monaco - JetFlo","isPartOf":{"@id":"https:\/\/jetflo.com\/fr\/#website"},"primaryImageOfPage":{"@id":"https:\/\/jetflo.com\/fr\/reservez-votre-place-dans-le-ciel-pour-le-festival-de-cannes-et-le-grand-prix-de-monaco\/#primaryimage"},"image":{"@id":"https:\/\/jetflo.com\/fr\/reservez-votre-place-dans-le-ciel-pour-le-festival-de-cannes-et-le-grand-prix-de-monaco\/#primaryimage"},"thumbnailUrl":"https:\/\/jetflo.com\/wp-content\/uploads\/2024\/03\/bc416587986cf9a70b83e441e4b2abf8.jpg","datePublished":"2024-03-22T09:31:22+00:00","dateModified":"2024-03-22T09:57:30+00:00","breadcrumb":{"@id":"https:\/\/jetflo.com\/fr\/reservez-votre-place-dans-le-ciel-pour-le-festival-de-cannes-et-le-grand-prix-de-monaco\/#breadcrumb"},"inLanguage":"fr-FR","potentialAction":[{"@type":"ReadAction","target":["https:\/\/jetflo.com\/fr\/reservez-votre-place-dans-le-ciel-pour-le-festival-de-cannes-et-le-grand-prix-de-monaco\/"]}]},{"@type":"ImageObject","inLanguage":"fr-FR","@id":"https:\/\/jetflo.com\/fr\/reservez-votre-place-dans-le-ciel-pour-le-festival-de-cannes-et-le-grand-prix-de-monaco\/#primaryimage","url":"https:\/\/jetflo.com\/wp-content\/uploads\/2024\/03\/bc416587986cf9a70b83e441e4b2abf8.jpg","contentUrl":"https:\/\/jetflo.com\/wp-content\/uploads\/2024\/03\/bc416587986cf9a70b83e441e4b2abf8.jpg","width":1140,"height":550},{"@type":"BreadcrumbList","@id":"https:\/\/jetflo.com\/fr\/reservez-votre-place-dans-le-ciel-pour-le-festival-de-cannes-et-le-grand-prix-de-monaco\/#breadcrumb","itemListElement":[{"@type":"ListItem","position":1,"name":"Home","item":"https:\/\/jetflo.com\/fr\/"},{"@type":"ListItem","position":2,"name":"R\u00e9servez votre place pour le Festival de Cannes et le Grand Prix de Monaco"}]},{"@type":"WebSite","@id":"https:\/\/jetflo.com\/fr\/#website","url":"https:\/\/jetflo.com\/fr\/","name":"JetFlo","description":"Your Private Jet Charter","publisher":{"@id":"https:\/\/jetflo.com\/fr\/#organization"},"alternateName":"JetFlo Private Jet Charter","potentialAction":[{"@type":"SearchAction","target":{"@type":"EntryPoint","urlTemplate":"https:\/\/jetflo.com\/fr\/?s={search_term_string}"},"query-input":{"@type":"PropertyValueSpecification","valueRequired":true,"valueName":"search_term_string"}}],"inLanguage":"fr-FR"},{"@type":"Organization","@id":"https:\/\/jetflo.com\/fr\/#organization","name":"JetFlo","url":"https:\/\/jetflo.com\/fr\/","logo":{"@type":"ImageObject","inLanguage":"fr-FR","@id":"https:\/\/jetflo.com\/fr\/#\/schema\/logo\/image\/","url":"https:\/\/jetflo.com\/wp-content\/uploads\/2022\/09\/JetFlo-Logo.svg","contentUrl":"https:\/\/jetflo.com\/wp-content\/uploads\/2022\/09\/JetFlo-Logo.svg","caption":"JetFlo"},"image":{"@id":"https:\/\/jetflo.com\/fr\/#\/schema\/logo\/image\/"}},{"@type":"Person","@id":"https:\/\/jetflo.com\/fr\/#\/schema\/person\/7bb99711cf63473b84cac02d8260532c","name":"JetFlo","image":{"@type":"ImageObject","inLanguage":"fr-FR","@id":"https:\/\/jetflo.com\/fr\/#\/schema\/person\/image\/","url":"https:\/\/secure.gravatar.com\/avatar\/f5ea9f85ca427fc86f988b6d694f57ac231b92c2c839cac7c6929c8107c7ab16?s=96&d=mm&r=g","contentUrl":"https:\/\/secure.gravatar.com\/avatar\/f5ea9f85ca427fc86f988b6d694f57ac231b92c2c839cac7c6929c8107c7ab16?s=96&d=mm&r=g","caption":"JetFlo"},"url":"https:\/\/jetflo.com\/fr\/author\/louise\/"}]}},"_links":{"self":[{"href":"https:\/\/jetflo.com\/fr\/wp-json\/wp\/v2\/posts\/15226","targetHints":{"allow":["GET"]}}],"collection":[{"href":"https:\/\/jetflo.com\/fr\/wp-json\/wp\/v2\/posts"}],"about":[{"href":"https:\/\/jetflo.com\/fr\/wp-json\/wp\/v2\/types\/post"}],"author":[{"embeddable":true,"href":"https:\/\/jetflo.com\/fr\/wp-json\/wp\/v2\/users\/2"}],"replies":[{"embeddable":true,"href":"https:\/\/jetflo.com\/fr\/wp-json\/wp\/v2\/comments?post=15226"}],"version-history":[{"count":10,"href":"https:\/\/jetflo.com\/fr\/wp-json\/wp\/v2\/posts\/15226\/revisions"}],"predecessor-version":[{"id":15321,"href":"https:\/\/jetflo.com\/fr\/wp-json\/wp\/v2\/posts\/15226\/revisions\/15321"}],"wp:featuredmedia":[{"embeddable":true,"href":"https:\/\/jetflo.com\/fr\/wp-json\/wp\/v2\/media\/15314"}],"wp:attachment":[{"href":"https:\/\/jetflo.com\/fr\/wp-json\/wp\/v2\/media?parent=15226"}],"wp:term":[{"taxonomy":"category","embeddable":true,"href":"https:\/\/jetflo.com\/fr\/wp-json\/wp\/v2\/categories?post=15226"},{"taxonomy":"post_tag","embeddable":true,"href":"https:\/\/jetflo.com\/fr\/wp-json\/wp\/v2\/tags?post=15226"}],"curies":[{"name":"wp","href":"https:\/\/api.w.org\/{rel}","templated":true}]}}