{"id":15869,"date":"2024-05-31T08:12:28","date_gmt":"2024-05-31T08:12:28","guid":{"rendered":"https:\/\/jetflo.com\/?p=15869"},"modified":"2024-05-31T14:44:54","modified_gmt":"2024-05-31T14:44:54","slug":"edito-un-ete-charge-pour-laviation-privee","status":"publish","type":"post","link":"https:\/\/jetflo.com\/fr\/edito-un-ete-charge-pour-laviation-privee\/","title":{"rendered":"Edito : Un \u00e9t\u00e9 charg\u00e9 pour l\u2019aviation priv\u00e9e"},"content":{"rendered":"<p>\u00c0 l\u2019approche de la saison estivale, le secteur de l\u2019aviation priv\u00e9e conna\u00eet d\u00e9j\u00e0 une hausse de la demande bien plus importante que pr\u00e9vu. Les prix augmentent et devraient encore augmenter \u00e0 mesure que le pic de l\u2019\u00e9t\u00e9 approche. Chez JetFlo, nous surveillons constamment les prix et continuons de n\u00e9gocier avec les op\u00e9rateurs les meilleurs prix pour vos vols. Pour ceux qui envisagent de voyager en priv\u00e9 cet \u00e9t\u00e9, le moment est venu de r\u00e9server car les co\u00fbts devraient continuer d&rsquo;augmenter.<\/p>\n<p>Pour \u00e9viter les probl\u00e8mes de planification, certains op\u00e9rateurs ont cess\u00e9 de proposer des vols vers des destinations de vacances s\u00e9lectionn\u00e9es. Le d\u00e9fi de s\u00e9curiser les cr\u00e9neaux d\u2019atterrissage est devenu un formidable obstacle, notamment dans le sud de l\u2019Europe. Par exemple, plusieurs op\u00e9rateurs ont retir\u00e9 des options sur des destinations comme Naples ou Mykonos, l&rsquo;\u00eele grecque c\u00e9l\u00e8bre pour son ambiance de f\u00eate estivale.<\/p>\n<p>Le festival de Cannes et le Grand Prix de Monaco qui marquent le d\u00e9but de la saison estivale de l&rsquo;aviation priv\u00e9e ont d\u00e9montr\u00e9 une nouvelle fois l&rsquo;\u00e9norme complexit\u00e9 de l&rsquo;obtention de cr\u00e9neaux horaires pour l&rsquo;a\u00e9roport de Nice ou de Cannes. Beaucoup de ceux qui ont r\u00e9serv\u00e9 tardivement ont \u00e9t\u00e9 contraints de choisir des a\u00e9roports proches, comme La Mole ou Toulon, signe de l&rsquo;avenir.<\/p>\n<p>Le message est clair : la procrastination pourrait conduire \u00e0 la d\u00e9ception. Pour \u00e9viter les turbulences des r\u00e9servations de derni\u00e8re minute, Jetflo travaille en permanence avec toutes les parties pour s\u00e9curiser vos projets de voyage d&rsquo;\u00e9t\u00e9 en toute h\u00e2te. JetFlo est pr\u00eat \u00e0 affronter la saison avec un solide r\u00e9seau d&rsquo;op\u00e9rateurs de confiance et d&rsquo;op\u00e9rateurs de base fixe (FBO).<\/p>\n<p>En conclusion, les pr\u00e9visions pour l\u2019aviation priv\u00e9e cet \u00e9t\u00e9 laissent entrevoir un ciel d\u00e9gag\u00e9 pour ceux qui planifient \u00e0 l\u2019avance.<\/p>\n","protected":false},"excerpt":{"rendered":"<p>\u00c0 l\u2019approche de la saison estivale, le secteur de l\u2019aviation priv\u00e9e conna\u00eet d\u00e9j\u00e0 une hausse de la demande bien plus importante que pr\u00e9vu. Les prix augmentent et devraient encore augmenter \u00e0 mesure que le pic de l\u2019\u00e9t\u00e9 approche. Chez JetFlo, nous surveillons constamment les prix et continuons de n\u00e9gocier avec les op\u00e9rateurs les meilleurs prix [&hellip;]<\/p>\n","protected":false},"author":2,"featured_media":15875,"comment_status":"closed","ping_status":"open","sticky":false,"template":"","format":"standard","meta":{"_acf_changed":false,"footnotes":""},"categories":[3],"tags":[],"class_list":["post-15869","post","type-post","status-publish","format-standard","has-post-thumbnail","hentry","category-non-classifiee"],"acf":[],"yoast_head":"<!-- This site is optimized with the Yoast SEO plugin v26.3 - https:\/\/yoast.com\/wordpress\/plugins\/seo\/ -->\n<title>Edito : Un \u00e9t\u00e9 charg\u00e9 pour l\u2019aviation priv\u00e9e - JetFlo<\/title>\n<meta name=\"robots\" content=\"index, follow, max-snippet:-1, max-image-preview:large, max-video-preview:-1\" \/>\n<link rel=\"canonical\" href=\"https:\/\/jetflo.com\/fr\/edito-un-ete-charge-pour-laviation-privee\/\" \/>\n<meta property=\"og:locale\" content=\"fr_FR\" \/>\n<meta property=\"og:type\" content=\"article\" \/>\n<meta property=\"og:title\" content=\"Edito : Un \u00e9t\u00e9 charg\u00e9 pour l\u2019aviation priv\u00e9e - JetFlo\" \/>\n<meta property=\"og:description\" content=\"\u00c0 l\u2019approche de la saison estivale, le secteur de l\u2019aviation priv\u00e9e conna\u00eet d\u00e9j\u00e0 une hausse de la demande bien plus importante que pr\u00e9vu. Les prix augmentent et devraient encore augmenter \u00e0 mesure que le pic de l\u2019\u00e9t\u00e9 approche. Chez JetFlo, nous surveillons constamment les prix et continuons de n\u00e9gocier avec les op\u00e9rateurs les meilleurs prix [&hellip;]\" \/>\n<meta property=\"og:url\" content=\"https:\/\/jetflo.com\/fr\/edito-un-ete-charge-pour-laviation-privee\/\" \/>\n<meta property=\"og:site_name\" content=\"JetFlo\" \/>\n<meta property=\"article:published_time\" content=\"2024-05-31T08:12:28+00:00\" \/>\n<meta property=\"article:modified_time\" content=\"2024-05-31T14:44:54+00:00\" \/>\n<meta property=\"og:image\" content=\"https:\/\/jetflo.com\/wp-content\/uploads\/2024\/05\/pj-busy.webp\" \/>\n\t<meta property=\"og:image:width\" content=\"1200\" \/>\n\t<meta property=\"og:image:height\" content=\"700\" \/>\n\t<meta property=\"og:image:type\" content=\"image\/webp\" \/>\n<meta name=\"author\" content=\"JetFlo\" \/>\n<meta name=\"twitter:card\" content=\"summary_large_image\" \/>\n<meta name=\"twitter:label1\" content=\"\u00c9crit par\" \/>\n\t<meta name=\"twitter:data1\" content=\"JetFlo\" \/>\n\t<meta name=\"twitter:label2\" content=\"Dur\u00e9e de lecture estim\u00e9e\" \/>\n\t<meta name=\"twitter:data2\" content=\"2 minutes\" \/>\n<script type=\"application\/ld+json\" class=\"yoast-schema-graph\">{\"@context\":\"https:\/\/schema.org\",\"@graph\":[{\"@type\":\"Article\",\"@id\":\"https:\/\/jetflo.com\/fr\/edito-un-ete-charge-pour-laviation-privee\/#article\",\"isPartOf\":{\"@id\":\"https:\/\/jetflo.com\/fr\/edito-un-ete-charge-pour-laviation-privee\/\"},\"author\":{\"name\":\"JetFlo\",\"@id\":\"https:\/\/jetflo.com\/fr\/#\/schema\/person\/7bb99711cf63473b84cac02d8260532c\"},\"headline\":\"Edito : Un \u00e9t\u00e9 charg\u00e9 pour l\u2019aviation priv\u00e9e\",\"datePublished\":\"2024-05-31T08:12:28+00:00\",\"dateModified\":\"2024-05-31T14:44:54+00:00\",\"mainEntityOfPage\":{\"@id\":\"https:\/\/jetflo.com\/fr\/edito-un-ete-charge-pour-laviation-privee\/\"},\"wordCount\":335,\"publisher\":{\"@id\":\"https:\/\/jetflo.com\/fr\/#organization\"},\"image\":{\"@id\":\"https:\/\/jetflo.com\/fr\/edito-un-ete-charge-pour-laviation-privee\/#primaryimage\"},\"thumbnailUrl\":\"https:\/\/jetflo.com\/wp-content\/uploads\/2024\/05\/pj-busy.webp\",\"articleSection\":[\"Non classifi\u00e9(e)\"],\"inLanguage\":\"fr-FR\"},{\"@type\":\"WebPage\",\"@id\":\"https:\/\/jetflo.com\/fr\/edito-un-ete-charge-pour-laviation-privee\/\",\"url\":\"https:\/\/jetflo.com\/fr\/edito-un-ete-charge-pour-laviation-privee\/\",\"name\":\"Edito : Un \u00e9t\u00e9 charg\u00e9 pour l\u2019aviation priv\u00e9e - JetFlo\",\"isPartOf\":{\"@id\":\"https:\/\/jetflo.com\/fr\/#website\"},\"primaryImageOfPage\":{\"@id\":\"https:\/\/jetflo.com\/fr\/edito-un-ete-charge-pour-laviation-privee\/#primaryimage\"},\"image\":{\"@id\":\"https:\/\/jetflo.com\/fr\/edito-un-ete-charge-pour-laviation-privee\/#primaryimage\"},\"thumbnailUrl\":\"https:\/\/jetflo.com\/wp-content\/uploads\/2024\/05\/pj-busy.webp\",\"datePublished\":\"2024-05-31T08:12:28+00:00\",\"dateModified\":\"2024-05-31T14:44:54+00:00\",\"breadcrumb\":{\"@id\":\"https:\/\/jetflo.com\/fr\/edito-un-ete-charge-pour-laviation-privee\/#breadcrumb\"},\"inLanguage\":\"fr-FR\",\"potentialAction\":[{\"@type\":\"ReadAction\",\"target\":[\"https:\/\/jetflo.com\/fr\/edito-un-ete-charge-pour-laviation-privee\/\"]}]},{\"@type\":\"ImageObject\",\"inLanguage\":\"fr-FR\",\"@id\":\"https:\/\/jetflo.com\/fr\/edito-un-ete-charge-pour-laviation-privee\/#primaryimage\",\"url\":\"https:\/\/jetflo.com\/wp-content\/uploads\/2024\/05\/pj-busy.webp\",\"contentUrl\":\"https:\/\/jetflo.com\/wp-content\/uploads\/2024\/05\/pj-busy.webp\",\"width\":1200,\"height\":700},{\"@type\":\"BreadcrumbList\",\"@id\":\"https:\/\/jetflo.com\/fr\/edito-un-ete-charge-pour-laviation-privee\/#breadcrumb\",\"itemListElement\":[{\"@type\":\"ListItem\",\"position\":1,\"name\":\"Home\",\"item\":\"https:\/\/jetflo.com\/fr\/\"},{\"@type\":\"ListItem\",\"position\":2,\"name\":\"Edito : Un \u00e9t\u00e9 charg\u00e9 pour l\u2019aviation priv\u00e9e\"}]},{\"@type\":\"WebSite\",\"@id\":\"https:\/\/jetflo.com\/fr\/#website\",\"url\":\"https:\/\/jetflo.com\/fr\/\",\"name\":\"JetFlo\",\"description\":\"Your Private Jet Charter\",\"publisher\":{\"@id\":\"https:\/\/jetflo.com\/fr\/#organization\"},\"alternateName\":\"JetFlo Private Jet Charter\",\"potentialAction\":[{\"@type\":\"SearchAction\",\"target\":{\"@type\":\"EntryPoint\",\"urlTemplate\":\"https:\/\/jetflo.com\/fr\/?s={search_term_string}\"},\"query-input\":{\"@type\":\"PropertyValueSpecification\",\"valueRequired\":true,\"valueName\":\"search_term_string\"}}],\"inLanguage\":\"fr-FR\"},{\"@type\":\"Organization\",\"@id\":\"https:\/\/jetflo.com\/fr\/#organization\",\"name\":\"JetFlo\",\"url\":\"https:\/\/jetflo.com\/fr\/\",\"logo\":{\"@type\":\"ImageObject\",\"inLanguage\":\"fr-FR\",\"@id\":\"https:\/\/jetflo.com\/fr\/#\/schema\/logo\/image\/\",\"url\":\"https:\/\/jetflo.com\/wp-content\/uploads\/2022\/09\/JetFlo-Logo.svg\",\"contentUrl\":\"https:\/\/jetflo.com\/wp-content\/uploads\/2022\/09\/JetFlo-Logo.svg\",\"caption\":\"JetFlo\"},\"image\":{\"@id\":\"https:\/\/jetflo.com\/fr\/#\/schema\/logo\/image\/\"}},{\"@type\":\"Person\",\"@id\":\"https:\/\/jetflo.com\/fr\/#\/schema\/person\/7bb99711cf63473b84cac02d8260532c\",\"name\":\"JetFlo\",\"image\":{\"@type\":\"ImageObject\",\"inLanguage\":\"fr-FR\",\"@id\":\"https:\/\/jetflo.com\/fr\/#\/schema\/person\/image\/\",\"url\":\"https:\/\/secure.gravatar.com\/avatar\/f5ea9f85ca427fc86f988b6d694f57ac231b92c2c839cac7c6929c8107c7ab16?s=96&d=mm&r=g\",\"contentUrl\":\"https:\/\/secure.gravatar.com\/avatar\/f5ea9f85ca427fc86f988b6d694f57ac231b92c2c839cac7c6929c8107c7ab16?s=96&d=mm&r=g\",\"caption\":\"JetFlo\"},\"url\":\"https:\/\/jetflo.com\/fr\/author\/louise\/\"}]}<\/script>\n<!-- \/ Yoast SEO plugin. -->","yoast_head_json":{"title":"Edito : Un \u00e9t\u00e9 charg\u00e9 pour l\u2019aviation priv\u00e9e - JetFlo","robots":{"index":"index","follow":"follow","max-snippet":"max-snippet:-1","max-image-preview":"max-image-preview:large","max-video-preview":"max-video-preview:-1"},"canonical":"https:\/\/jetflo.com\/fr\/edito-un-ete-charge-pour-laviation-privee\/","og_locale":"fr_FR","og_type":"article","og_title":"Edito : Un \u00e9t\u00e9 charg\u00e9 pour l\u2019aviation priv\u00e9e - JetFlo","og_description":"\u00c0 l\u2019approche de la saison estivale, le secteur de l\u2019aviation priv\u00e9e conna\u00eet d\u00e9j\u00e0 une hausse de la demande bien plus importante que pr\u00e9vu. Les prix augmentent et devraient encore augmenter \u00e0 mesure que le pic de l\u2019\u00e9t\u00e9 approche. Chez JetFlo, nous surveillons constamment les prix et continuons de n\u00e9gocier avec les op\u00e9rateurs les meilleurs prix [&hellip;]","og_url":"https:\/\/jetflo.com\/fr\/edito-un-ete-charge-pour-laviation-privee\/","og_site_name":"JetFlo","article_published_time":"2024-05-31T08:12:28+00:00","article_modified_time":"2024-05-31T14:44:54+00:00","og_image":[{"width":1200,"height":700,"url":"https:\/\/jetflo.com\/wp-content\/uploads\/2024\/05\/pj-busy.webp","type":"image\/webp"}],"author":"JetFlo","twitter_card":"summary_large_image","twitter_misc":{"\u00c9crit par":"JetFlo","Dur\u00e9e de lecture estim\u00e9e":"2 minutes"},"schema":{"@context":"https:\/\/schema.org","@graph":[{"@type":"Article","@id":"https:\/\/jetflo.com\/fr\/edito-un-ete-charge-pour-laviation-privee\/#article","isPartOf":{"@id":"https:\/\/jetflo.com\/fr\/edito-un-ete-charge-pour-laviation-privee\/"},"author":{"name":"JetFlo","@id":"https:\/\/jetflo.com\/fr\/#\/schema\/person\/7bb99711cf63473b84cac02d8260532c"},"headline":"Edito : Un \u00e9t\u00e9 charg\u00e9 pour l\u2019aviation priv\u00e9e","datePublished":"2024-05-31T08:12:28+00:00","dateModified":"2024-05-31T14:44:54+00:00","mainEntityOfPage":{"@id":"https:\/\/jetflo.com\/fr\/edito-un-ete-charge-pour-laviation-privee\/"},"wordCount":335,"publisher":{"@id":"https:\/\/jetflo.com\/fr\/#organization"},"image":{"@id":"https:\/\/jetflo.com\/fr\/edito-un-ete-charge-pour-laviation-privee\/#primaryimage"},"thumbnailUrl":"https:\/\/jetflo.com\/wp-content\/uploads\/2024\/05\/pj-busy.webp","articleSection":["Non classifi\u00e9(e)"],"inLanguage":"fr-FR"},{"@type":"WebPage","@id":"https:\/\/jetflo.com\/fr\/edito-un-ete-charge-pour-laviation-privee\/","url":"https:\/\/jetflo.com\/fr\/edito-un-ete-charge-pour-laviation-privee\/","name":"Edito : Un \u00e9t\u00e9 charg\u00e9 pour l\u2019aviation priv\u00e9e - JetFlo","isPartOf":{"@id":"https:\/\/jetflo.com\/fr\/#website"},"primaryImageOfPage":{"@id":"https:\/\/jetflo.com\/fr\/edito-un-ete-charge-pour-laviation-privee\/#primaryimage"},"image":{"@id":"https:\/\/jetflo.com\/fr\/edito-un-ete-charge-pour-laviation-privee\/#primaryimage"},"thumbnailUrl":"https:\/\/jetflo.com\/wp-content\/uploads\/2024\/05\/pj-busy.webp","datePublished":"2024-05-31T08:12:28+00:00","dateModified":"2024-05-31T14:44:54+00:00","breadcrumb":{"@id":"https:\/\/jetflo.com\/fr\/edito-un-ete-charge-pour-laviation-privee\/#breadcrumb"},"inLanguage":"fr-FR","potentialAction":[{"@type":"ReadAction","target":["https:\/\/jetflo.com\/fr\/edito-un-ete-charge-pour-laviation-privee\/"]}]},{"@type":"ImageObject","inLanguage":"fr-FR","@id":"https:\/\/jetflo.com\/fr\/edito-un-ete-charge-pour-laviation-privee\/#primaryimage","url":"https:\/\/jetflo.com\/wp-content\/uploads\/2024\/05\/pj-busy.webp","contentUrl":"https:\/\/jetflo.com\/wp-content\/uploads\/2024\/05\/pj-busy.webp","width":1200,"height":700},{"@type":"BreadcrumbList","@id":"https:\/\/jetflo.com\/fr\/edito-un-ete-charge-pour-laviation-privee\/#breadcrumb","itemListElement":[{"@type":"ListItem","position":1,"name":"Home","item":"https:\/\/jetflo.com\/fr\/"},{"@type":"ListItem","position":2,"name":"Edito : Un \u00e9t\u00e9 charg\u00e9 pour l\u2019aviation priv\u00e9e"}]},{"@type":"WebSite","@id":"https:\/\/jetflo.com\/fr\/#website","url":"https:\/\/jetflo.com\/fr\/","name":"JetFlo","description":"Your Private Jet Charter","publisher":{"@id":"https:\/\/jetflo.com\/fr\/#organization"},"alternateName":"JetFlo Private Jet Charter","potentialAction":[{"@type":"SearchAction","target":{"@type":"EntryPoint","urlTemplate":"https:\/\/jetflo.com\/fr\/?s={search_term_string}"},"query-input":{"@type":"PropertyValueSpecification","valueRequired":true,"valueName":"search_term_string"}}],"inLanguage":"fr-FR"},{"@type":"Organization","@id":"https:\/\/jetflo.com\/fr\/#organization","name":"JetFlo","url":"https:\/\/jetflo.com\/fr\/","logo":{"@type":"ImageObject","inLanguage":"fr-FR","@id":"https:\/\/jetflo.com\/fr\/#\/schema\/logo\/image\/","url":"https:\/\/jetflo.com\/wp-content\/uploads\/2022\/09\/JetFlo-Logo.svg","contentUrl":"https:\/\/jetflo.com\/wp-content\/uploads\/2022\/09\/JetFlo-Logo.svg","caption":"JetFlo"},"image":{"@id":"https:\/\/jetflo.com\/fr\/#\/schema\/logo\/image\/"}},{"@type":"Person","@id":"https:\/\/jetflo.com\/fr\/#\/schema\/person\/7bb99711cf63473b84cac02d8260532c","name":"JetFlo","image":{"@type":"ImageObject","inLanguage":"fr-FR","@id":"https:\/\/jetflo.com\/fr\/#\/schema\/person\/image\/","url":"https:\/\/secure.gravatar.com\/avatar\/f5ea9f85ca427fc86f988b6d694f57ac231b92c2c839cac7c6929c8107c7ab16?s=96&d=mm&r=g","contentUrl":"https:\/\/secure.gravatar.com\/avatar\/f5ea9f85ca427fc86f988b6d694f57ac231b92c2c839cac7c6929c8107c7ab16?s=96&d=mm&r=g","caption":"JetFlo"},"url":"https:\/\/jetflo.com\/fr\/author\/louise\/"}]}},"_links":{"self":[{"href":"https:\/\/jetflo.com\/fr\/wp-json\/wp\/v2\/posts\/15869","targetHints":{"allow":["GET"]}}],"collection":[{"href":"https:\/\/jetflo.com\/fr\/wp-json\/wp\/v2\/posts"}],"about":[{"href":"https:\/\/jetflo.com\/fr\/wp-json\/wp\/v2\/types\/post"}],"author":[{"embeddable":true,"href":"https:\/\/jetflo.com\/fr\/wp-json\/wp\/v2\/users\/2"}],"replies":[{"embeddable":true,"href":"https:\/\/jetflo.com\/fr\/wp-json\/wp\/v2\/comments?post=15869"}],"version-history":[{"count":3,"href":"https:\/\/jetflo.com\/fr\/wp-json\/wp\/v2\/posts\/15869\/revisions"}],"predecessor-version":[{"id":15878,"href":"https:\/\/jetflo.com\/fr\/wp-json\/wp\/v2\/posts\/15869\/revisions\/15878"}],"wp:featuredmedia":[{"embeddable":true,"href":"https:\/\/jetflo.com\/fr\/wp-json\/wp\/v2\/media\/15875"}],"wp:attachment":[{"href":"https:\/\/jetflo.com\/fr\/wp-json\/wp\/v2\/media?parent=15869"}],"wp:term":[{"taxonomy":"category","embeddable":true,"href":"https:\/\/jetflo.com\/fr\/wp-json\/wp\/v2\/categories?post=15869"},{"taxonomy":"post_tag","embeddable":true,"href":"https:\/\/jetflo.com\/fr\/wp-json\/wp\/v2\/tags?post=15869"}],"curies":[{"name":"wp","href":"https:\/\/api.w.org\/{rel}","templated":true}]}}